{"id":4143,"date":"2024-12-11T09:00:00","date_gmt":"2024-12-11T12:00:00","guid":{"rendered":"https:\/\/situada.online\/?p=4143"},"modified":"2024-12-17T20:04:26","modified_gmt":"2024-12-17T23:04:26","slug":"tecnologia-con-perspectiva-feminista-transformando-el-mundo-digital","status":"publish","type":"post","link":"https:\/\/situada.online\/en\/tecnologia-con-perspectiva-feminista-transformando-el-mundo-digital\/","title":{"rendered":"Tecnolog\u00eda con Perspectiva Feminista: Transformando el Mundo Digital"},"content":{"rendered":"<p class=\"has-text-align-left has-ast-global-color-2-color has-text-color has-link-color has-medium-font-size wp-elements-3c2fc0bb510c25e0c87d2b7530f188e7\">C\u00f3mo reimaginar la tecnolog\u00eda como una herramienta de equidad, seguridad y justicia social desde un enfoque feminista.<\/p>\n\n\n\n<div style=\"height:30px\" aria-hidden=\"true\" class=\"wp-block-spacer\"><\/div>\n\n\n\n<p class=\"has-text-align-center\"><em>La tecnolog\u00eda puede convertirse en una aliada para la equidad de g\u00e9nero, encof\u00e1ndose en temas como la violencia digital, los sesgos en algoritmos, la alfabetizaci\u00f3n digital y la diversidad en STEM. Existen ejemplos concretos hasta propuestas innovadoras, que plantean una visi\u00f3n feminista para transformar el entorno digital en un espacio inclusivo, seguro y justo para todas las personas.<\/em><\/p>\n\n\n\n<div class=\"wp-block-uagb-separator uagb-block-2b14f4e3\"><div class=\"uagb-separator-spacing-wrapper\"><div class=\"wp-block-uagb-separator__inner\" style=\"--my-background-image:url(&quot;data:image\/svg+xml,%3Csvg width='16' height='16' viewBox='0 0 16 16' fill='none' xmlns='http:\/\/www.w3.org\/2000\/svg'%3E%3Cpath d='M6.29312 16.9999L17 6.29302M14.2931 16.9999L17 14.293M-0.707031 15.9999L16.0002 -0.707153M8.00017 -0.707153L-0.706882 7.9999' stroke='black'\/%3E%3C\/svg%3E&quot;)\"><\/div><\/div><\/div>\n\n\n\n<p>La tecnolog\u00eda, lejos de ser neutral, refleja las estructuras de poder existentes en nuestra sociedad. Esto la convierte en un campo clave para transformar las desigualdades de g\u00e9nero y avanzar hacia un futuro m\u00e1s justo. Desde un enfoque feminista, podemos cuestionar los sesgos que perpet\u00faan la exclusi\u00f3n y la violencia, al tiempo que proponemos alternativas inclusivas. Este blog reflexiona sobre c\u00f3mo podemos reimaginar la tecnolog\u00eda para que sea una herramienta de equidad, explorando desde la violencia digital de g\u00e9nero hasta la diversidad en equipos tecnol\u00f3gicos y el empoderamiento comunitario a trav\u00e9s de la alfabetizaci\u00f3n digital.<\/p>\n\n\n\n<div style=\"height:30px\" aria-hidden=\"true\" class=\"wp-block-spacer\"><\/div>\n\n\n\n<p class=\"has-medium-font-size\"><strong>La violencia digital de g\u00e9nero: un reflejo de desigualdades estructurales<\/strong><\/p>\n\n\n\n<p>La violencia digital de g\u00e9nero, en todas sus formas, desde el ciberacoso hasta el uso de deepfakes para da\u00f1ar reputaciones, expone c\u00f3mo las herramientas digitales se han convertido en una extensi\u00f3n de las violencias hist\u00f3ricas contra las mujeres. Estas agresiones no solo impactan psicol\u00f3gicamente a las v\u00edctimas, sino que tambi\u00e9n limitan su participaci\u00f3n en la esfera p\u00fablica y digital. Un ejemplo reciente es el caso de mujeres activistas que enfrentan campa\u00f1as de desprestigio online, orquestadas para silenciarlas y socavar sus movimientos.<\/p>\n\n\n\n<div style=\"height:30px\" aria-hidden=\"true\" class=\"wp-block-spacer\"><\/div>\n\n\n\n<p>La soluci\u00f3n no solo pasa por criminalizar estas acciones, sino tambi\u00e9n por educar y sensibilizar sobre sus efectos. Desde una perspectiva feminista, es crucial exigir a las plataformas digitales que implementen mecanismos efectivos de denuncia, como sistemas automatizados que detecten patrones de acoso y ofrezcan soporte inmediato a las v\u00edctimas. Asimismo, es fundamental promover la corresponsabilidad de los gobiernos, asegurando marcos legales que no solo castiguen a los agresores, sino que tambi\u00e9n protejan integralmente a las sobrevivientes.<\/p>\n\n\n\n<div style=\"height:30px\" aria-hidden=\"true\" class=\"wp-block-spacer\"><\/div>\n\n\n\n<p class=\"has-medium-font-size\"><strong>Sesgos de g\u00e9nero en la tecnolog\u00eda: un problema desde el dise\u00f1o<\/strong><\/p>\n\n\n\n<p>Los sesgos en la tecnolog\u00eda no son un accidente; son el resultado de sistemas desarrollados por equipos homog\u00e9neos que no reflejan la diversidad del mundo real. Algoritmos de reconocimiento facial que confunden rostros femeninos o racializados y asistentes virtuales con voces serviles femeninas son ejemplos cotidianos de c\u00f3mo la tecnolog\u00eda perpet\u00faa estereotipos da\u00f1inos.<\/p>\n\n\n\n<div style=\"height:30px\" aria-hidden=\"true\" class=\"wp-block-spacer\"><\/div>\n\n\n\n<p>Adoptar un enfoque feminista implica construir tecnolog\u00eda desde la diversidad. Esto comienza con la inclusi\u00f3n de mujeres y minor\u00edas en todos los niveles de la industria tecnol\u00f3gica, desde el dise\u00f1o hasta la toma de decisiones estrat\u00e9gicas. Adem\u00e1s, es crucial implementar auditor\u00edas \u00e9ticas en algoritmos para identificar y corregir sesgos. Un ejemplo inspirador es el de proyectos de inteligencia artificial que priorizan la inclusi\u00f3n de datos representativos de comunidades hist\u00f3ricamente marginadas, demostrando que la equidad no es solo una cuesti\u00f3n \u00e9tica, sino tambi\u00e9n de calidad tecnol\u00f3gica.<\/p>\n\n\n\n<div style=\"height:30px\" aria-hidden=\"true\" class=\"wp-block-spacer\"><\/div>\n\n\n\n<p class=\"has-medium-font-size\"><strong>Educaci\u00f3n digital: una herramienta de empoderamiento comunitario<\/strong><\/p>\n\n\n\n<p>La educaci\u00f3n digital tiene un enorme potencial para empoderar a mujeres y ni\u00f1as, especialmente en contextos donde el acceso a la tecnolog\u00eda es limitado. En diversas comunidades de Am\u00e9rica Latina y el Caribe, programas educativos han permitido a mujeres aprender a utilizar herramientas digitales para mejorar su acceso a servicios b\u00e1sicos, como salud, educaci\u00f3n y financiamiento. Adem\u00e1s, estos programas no solo proporcionan habilidades t\u00e9cnicas, sino que tambi\u00e9n fomentan una conciencia cr\u00edtica sobre c\u00f3mo la tecnolog\u00eda puede tanto generar oportunidades como replicar desigualdades sociales y de g\u00e9nero.<\/p>\n\n\n\n<div style=\"height:30px\" aria-hidden=\"true\" class=\"wp-block-spacer\"><\/div>\n\n\n\n<p>Desde una perspectiva feminista, la educaci\u00f3n digital debe ir m\u00e1s all\u00e1 de lo t\u00e9cnico. Es crucial que est\u00e9 dise\u00f1ada de forma inclusiva, considerando las particularidades y necesidades locales, y que combine el aprendizaje de herramientas digitales con una reflexi\u00f3n profunda sobre el impacto de la tecnolog\u00eda en la vida cotidiana de las mujeres. Integrar estos contenidos en los curr\u00edculos escolares prepara a las nuevas generaciones para un futuro digital m\u00e1s equitativo y consciente.<\/p>\n\n\n\n<div style=\"height:30px\" aria-hidden=\"true\" class=\"wp-block-spacer\"><\/div>\n\n\n\n<p class=\"has-medium-font-size\"><strong>Diversidad en tecnolog\u00eda: m\u00e1s all\u00e1 de la representaci\u00f3n<\/strong><\/p>\n\n\n\n<p>La subrepresentaci\u00f3n de mujeres y personas diversas en las disciplinas STEM es un problema ampliamente documentado, pero las soluciones tradicionales, como programas de mentor\u00eda, no siempre abordan las ra\u00edces de esta exclusi\u00f3n. Es necesario ir m\u00e1s all\u00e1, desafiando las narrativas culturales que desalientan a las ni\u00f1as a interesarse por la tecnolog\u00eda y cuestionando las pr\u00e1cticas laborales que dificultan la permanencia de mujeres en la industria tecnol\u00f3gica.<\/p>\n\n\n\n<div style=\"height:30px\" aria-hidden=\"true\" class=\"wp-block-spacer\"><\/div>\n\n\n\n<p>Ejemplos innovadores incluyen hackatones liderados por mujeres, donde se desarrollan soluciones tecnol\u00f3gicas para problem\u00e1ticas de g\u00e9nero, y pol\u00edticas empresariales que incentivan la paridad de g\u00e9nero en roles de liderazgo. Desde una perspectiva feminista, no se trata solo de &#8220;incluir m\u00e1s mujeres&#8221;, sino de cambiar las estructuras para que el entorno tecnol\u00f3gico sea verdaderamente inclusivo y equitativo.<\/p>\n\n\n\n<div style=\"height:30px\" aria-hidden=\"true\" class=\"wp-block-spacer\"><\/div>\n\n\n\n<p class=\"has-medium-font-size\"><strong>Responsabilidad de las plataformas digitales: hacia una \u00e9tica de cuidado<\/strong><\/p>\n\n\n\n<p>Las plataformas digitales no solo facilitan la interacci\u00f3n social, sino que tambi\u00e9n son espacios donde se reproduce violencia y exclusi\u00f3n. Un ejemplo paradigm\u00e1tico es la limitada efectividad de las herramientas de denuncia en redes sociales populares, que a menudo ignoran reportes de acoso o responden de manera insuficiente.<\/p>\n\n\n\n<div style=\"height:30px\" aria-hidden=\"true\" class=\"wp-block-spacer\"><\/div>\n\n\n\n<p>Desde un enfoque feminista, es imprescindible exigir que estas empresas adopten principios de \u00e9tica de cuidado, donde la seguridad de las personas usuarias sea prioritaria. Esto incluye el desarrollo de algoritmos que detecten contenido violento de manera proactiva, el dise\u00f1o de interfaces accesibles para denunciar agresiones y la implementaci\u00f3n de pol\u00edticas transparentes que permitan a las v\u00edctimas acceder a justicia y reparaci\u00f3n.<\/p>\n\n\n\n<div style=\"height:30px\" aria-hidden=\"true\" class=\"wp-block-spacer\"><\/div>\n\n\n\n<p class=\"has-medium-font-size\"><strong>Tecnolog\u00eda con justicia social: el rol de los movimientos digitales<\/strong><\/p>\n\n\n\n<p>Los movimientos sociales en ALAC han demostrado que la tecnolog\u00eda puede ser una poderosa herramienta de resistencia. Iniciativas como #NiUnaMenos han utilizado plataformas digitales para coordinar acciones, amplificar voces y visibilizar demandas. Sin embargo, estas herramientas tambi\u00e9n enfrentan desaf\u00edos, como la censura y los ataques coordinados por grupos antiderechos.<\/p>\n\n\n\n<div style=\"height:30px\" aria-hidden=\"true\" class=\"wp-block-spacer\"><\/div>\n\n\n\n<p>Fortalecer estas iniciativas implica garantizar acceso equitativo a tecnolog\u00edas seguras, fomentar alianzas internacionales para proteger activistas digitales y desarrollar plataformas dise\u00f1adas espec\u00edficamente para el activismo. Desde una perspectiva feminista, esto asegura que la tecnolog\u00eda no sea solo un medio, sino tambi\u00e9n un espacio donde se construye justicia social.<\/p>\n\n\n\n<div class=\"wp-block-uagb-separator uagb-block-e0cd3b95\"><div class=\"uagb-separator-spacing-wrapper\"><div class=\"wp-block-uagb-separator__inner\" style=\"--my-background-image:url(&quot;data:image\/svg+xml,%3Csvg width='16' height='16' viewBox='0 0 16 16' fill='none' xmlns='http:\/\/www.w3.org\/2000\/svg'%3E%3Cpath d='M6.29312 16.9999L17 6.29302M14.2931 16.9999L17 14.293M-0.707031 15.9999L16.0002 -0.707153M8.00017 -0.707153L-0.706882 7.9999' stroke='black'\/%3E%3C\/svg%3E&quot;)\"><\/div><\/div><\/div>\n\n\n\n<p>La tecnolog\u00eda con perspectiva feminista no es solo una herramienta para combatir desigualdades, sino una forma de reimaginar el mundo digital como un espacio m\u00e1s justo y equitativo. Esto requiere romper con estructuras excluyentes y dise\u00f1ar herramientas que prioricen la diversidad, la seguridad y la justicia social. Un futuro donde la tecnolog\u00eda no reproduzca desigualdades, sino que promueva el bienestar colectivo, es posible si integramos principios feministas en todos los aspectos del desarrollo digital. El desaf\u00edo es enorme, pero tambi\u00e9n lo es el potencial transformador de una tecnolog\u00eda inclusiva y consciente.<\/p>\n\n\n\n<div style=\"height:30px\" aria-hidden=\"true\" class=\"wp-block-spacer\"><\/div>\n\n\n\n<p class=\"has-text-align-right\">CGV<\/p>\n\n\n\n<p><\/p>","protected":false},"excerpt":{"rendered":"<p>La solidaridad y el apoyo mutuo han encontrado un nuevo hogar en el entorno digital de ALAC, donde movimientos sociales aprovechan las plataformas tecnol\u00f3gicas para unirse contra la violencia digital y promover justicia social. A trav\u00e9s de redes de apoyo comunitario y colaboraci\u00f3n descentralizada, estas comunidades enfrentan desaf\u00edos como la censura, la brecha digital y el acoso en l\u00ednea. El apoyo comunitario digital emerge como un acto de resistencia, generando espacios inclusivos que fortalecen la participaci\u00f3n y la resiliencia regional.<\/p>","protected":false},"author":3,"featured_media":4392,"comment_status":"closed","ping_status":"closed","sticky":false,"template":"","format":"standard","meta":{"_uag_custom_page_level_css":"","site-sidebar-layout":"default","site-content-layout":"","ast-site-content-layout":"default","site-content-style":"default","site-sidebar-style":"default","ast-global-header-display":"","ast-banner-title-visibility":"","ast-main-header-display":"","ast-hfb-above-header-display":"","ast-hfb-below-header-display":"","ast-hfb-mobile-header-display":"","site-post-title":"","ast-breadcrumbs-content":"","ast-featured-img":"disabled","footer-sml-layout":"","theme-transparent-header-meta":"","adv-header-id-meta":"","stick-header-meta":"","header-above-stick-meta":"","header-main-stick-meta":"","header-below-stick-meta":"","astra-migrate-meta-layouts":"set","ast-page-background-enabled":"default","ast-page-background-meta":{"desktop":{"background-color":"var(--ast-global-color-4)","background-image":"","background-repeat":"repeat","background-position":"center center","background-size":"auto","background-attachment":"scroll","background-type":"","background-media":"","overlay-type":"","overlay-color":"","overlay-opacity":"","overlay-gradient":""},"tablet":{"background-color":"","background-image":"","background-repeat":"repeat","background-position":"center center","background-size":"auto","background-attachment":"scroll","background-type":"","background-media":"","overlay-type":"","overlay-color":"","overlay-opacity":"","overlay-gradient":""},"mobile":{"background-color":"","background-image":"","background-repeat":"repeat","background-position":"center center","background-size":"auto","background-attachment":"scroll","background-type":"","background-media":"","overlay-type":"","overlay-color":"","overlay-opacity":"","overlay-gradient":""}},"ast-content-background-meta":{"desktop":{"background-color":"var(--ast-global-color-5)","background-image":"","background-repeat":"repeat","background-position":"center center","background-size":"auto","background-attachment":"scroll","background-type":"","background-media":"","overlay-type":"","overlay-color":"","overlay-opacity":"","overlay-gradient":""},"tablet":{"background-color":"var(--ast-global-color-5)","background-image":"","background-repeat":"repeat","background-position":"center center","background-size":"auto","background-attachment":"scroll","background-type":"","background-media":"","overlay-type":"","overlay-color":"","overlay-opacity":"","overlay-gradient":""},"mobile":{"background-color":"var(--ast-global-color-5)","background-image":"","background-repeat":"repeat","background-position":"center center","background-size":"auto","background-attachment":"scroll","background-type":"","background-media":"","overlay-type":"","overlay-color":"","overlay-opacity":"","overlay-gradient":""}},"footnotes":""},"categories":[9],"tags":[30,29,10],"class_list":["post-4143","post","type-post","status-publish","format-standard","has-post-thumbnail","hentry","category-blogrompamoselcodigo","tag-activismo","tag-resistencias","tag-violencia-digital-de-genero"],"uagb_featured_image_src":{"full":["https:\/\/situada.online\/wp-content\/uploads\/2024\/12\/13.-Blog_Tecnologia-con-Perspectiva-Feminista.-Transformando-el-Mundo-Digital-scaled.jpg",2560,858,false],"thumbnail":["https:\/\/situada.online\/wp-content\/uploads\/2024\/12\/13.-Blog_Tecnologia-con-Perspectiva-Feminista.-Transformando-el-Mundo-Digital-150x150.jpg",150,150,true],"medium":["https:\/\/situada.online\/wp-content\/uploads\/2024\/12\/13.-Blog_Tecnologia-con-Perspectiva-Feminista.-Transformando-el-Mundo-Digital-300x101.jpg",300,101,true],"medium_large":["https:\/\/situada.online\/wp-content\/uploads\/2024\/12\/13.-Blog_Tecnologia-con-Perspectiva-Feminista.-Transformando-el-Mundo-Digital-768x257.jpg",768,257,true],"large":["https:\/\/situada.online\/wp-content\/uploads\/2024\/12\/13.-Blog_Tecnologia-con-Perspectiva-Feminista.-Transformando-el-Mundo-Digital-1024x343.jpg",1024,343,true],"1536x1536":["https:\/\/situada.online\/wp-content\/uploads\/2024\/12\/13.-Blog_Tecnologia-con-Perspectiva-Feminista.-Transformando-el-Mundo-Digital-1536x515.jpg",1536,515,true],"2048x2048":["https:\/\/situada.online\/wp-content\/uploads\/2024\/12\/13.-Blog_Tecnologia-con-Perspectiva-Feminista.-Transformando-el-Mundo-Digital-2048x686.jpg",2048,686,true],"trp-custom-language-flag":["https:\/\/situada.online\/wp-content\/uploads\/2024\/12\/13.-Blog_Tecnologia-con-Perspectiva-Feminista.-Transformando-el-Mundo-Digital-18x6.jpg",18,6,true]},"uagb_author_info":{"display_name":"Constanza Gonz\u00e1lez-V\u00e9liz","author_link":"https:\/\/situada.online\/en\/author\/constanza-gonzalez-veliz\/"},"uagb_comment_info":0,"uagb_excerpt":"La solidaridad y el apoyo mutuo han encontrado un nuevo hogar en el entorno digital de ALAC, donde movimientos sociales aprovechan las plataformas tecnol\u00f3gicas para unirse contra la violencia digital y promover justicia social. A trav\u00e9s de redes de apoyo comunitario y colaboraci\u00f3n descentralizada, estas comunidades enfrentan desaf\u00edos como la censura, la brecha digital y&hellip;","_links":{"self":[{"href":"https:\/\/situada.online\/en\/wp-json\/wp\/v2\/posts\/4143","targetHints":{"allow":["GET"]}}],"collection":[{"href":"https:\/\/situada.online\/en\/wp-json\/wp\/v2\/posts"}],"about":[{"href":"https:\/\/situada.online\/en\/wp-json\/wp\/v2\/types\/post"}],"author":[{"embeddable":true,"href":"https:\/\/situada.online\/en\/wp-json\/wp\/v2\/users\/3"}],"replies":[{"embeddable":true,"href":"https:\/\/situada.online\/en\/wp-json\/wp\/v2\/comments?post=4143"}],"version-history":[{"count":1,"href":"https:\/\/situada.online\/en\/wp-json\/wp\/v2\/posts\/4143\/revisions"}],"predecessor-version":[{"id":4145,"href":"https:\/\/situada.online\/en\/wp-json\/wp\/v2\/posts\/4143\/revisions\/4145"}],"wp:featuredmedia":[{"embeddable":true,"href":"https:\/\/situada.online\/en\/wp-json\/wp\/v2\/media\/4392"}],"wp:attachment":[{"href":"https:\/\/situada.online\/en\/wp-json\/wp\/v2\/media?parent=4143"}],"wp:term":[{"taxonomy":"category","embeddable":true,"href":"https:\/\/situada.online\/en\/wp-json\/wp\/v2\/categories?post=4143"},{"taxonomy":"post_tag","embeddable":true,"href":"https:\/\/situada.online\/en\/wp-json\/wp\/v2\/tags?post=4143"}],"curies":[{"name":"wp","href":"https:\/\/api.w.org\/{rel}","templated":true}]}}